{"id":11084,"date":"2025-01-22T10:45:40","date_gmt":"2025-01-22T10:45:40","guid":{"rendered":"https:\/\/zonagol.com.ar\/?p=11084"},"modified":"2025-06-16T16:13:34","modified_gmt":"2025-06-16T16:13:34","slug":"keylor-navas-sera-nuevo-arquero-de-newells","status":"publish","type":"post","link":"https:\/\/zonagol.com.ar\/?p=11084","title":{"rendered":"Keylor Navas ser\u00e1 nuevo arquero de Newell&#8217;s"},"content":{"rendered":"\n<p>El arquero costarricense de 38 a\u00f1os <strong>Keylor Navas<\/strong>, ser\u00e1 nuevo jugador de Newell&#8217;s y es <a href=\"https:\/\/www.tycsports.com\/liga-profesional-de-futbol\/mercado-de-pases-argentina-2025-id625225.html\">una de las grandes figuras que llegan a Argentina en este mercado de pases<\/a>. Adem\u00e1s, firm\u00f3 un contrato por dos temporadas. <\/p>\n\n\n\n<p>El legendario arquero costarricense, quien <a href=\"https:\/\/www.youtube.com\/watch?v=jCLt7MRBv48\">gan\u00f3 tres Champions League con el Real Madrid<\/a> y fue figura de la <a href=\"https:\/\/www.youtube.com\/watch?v=9UmsDzL2QZI\">haza\u00f1a Tica en Brasil 2014<\/a>, explic\u00f3 c\u00f3mo se decidi\u00f3 por la Lepra<strong>: \u00abMuy contento de estar aqu\u00ed. Hoy es un d\u00eda importante para mi carrera, para mi vida. Tom\u00e9 la decisi\u00f3n, en gran parte, por el presidente.<\/strong>&nbsp;Nacho (Ignacio Astore), la verdad, me dio confianza desde el primer momento. Tuvimos varias conversaciones. La transparencia y honestidad con la que me habl\u00f3 me gener\u00f3 esa confianza. Me sent\u00ed muy tranquilo\u00bb.<\/p>\n\n\n\n<p>A su vez, dej\u00f3 en claro que no le pesa la inactividad de seis meses que arrastra tras dejar PSG en junio de 2024 (<a href=\"https:\/\/www.youtube.com\/watch?v=gRqkg3dL5gU\">su \u00faltimo partido fue el triunfo del conjunto Parisino contra Metz<\/a> en la \u00faltima fecha de la Ligue 1 2023\/24, campeonato que termin\u00f3 ganando el PSG).<strong>&nbsp;\u00abEstoy muy bien. Gracias a Dios, durante este tiempo afuera de las canchas, no sal\u00ed nunca, segu\u00ed entrenando y trabajando fuerte.&nbsp;<\/strong>Ten\u00eda que recargar esas bater\u00edas, quitar un poco el peso mental de algunas situaciones que pasamos. Tengo clar\u00edsimo que estoy en perfectas condiciones para jugar. Me deja muy feliz, me siento con confianza. Como futbolista, es muy importante\u00bb, afirm\u00f3.<\/p>\n\n\n\n<p>Keylor experimentar\u00e1 otro cl\u00e1sico de renombre internacional como el Rosarino, que se jugar\u00e1 el domingo 16 de febrero por la sexta fecha. Desde su llegada al Real Madrid <strong>jug\u00f3 diez veces contra Barcelona<\/strong>, de los cuales\u00a0<strong>gan\u00f3 tres, empat\u00f3 tres y perdi\u00f3 cuatro<\/strong>. El m\u00e1s importante fue por la\u00a0<strong>final de la Supercopa de Espa\u00f1a 2017,<\/strong>\u00a0donde obtuvo dos victorias, <a href=\"https:\/\/www.youtube.com\/watch?v=cSfMq9_DyKI\">en la ida en el Camp Nou<\/a> y <a href=\"https:\/\/www.youtube.com\/watch?v=UIEkUdGJgI8\">en la vuelta en el Santiago Bernab\u00e9u<\/a>,<strong>\u00a0y alz\u00f3 el t\u00edtulo<\/strong>. Adem\u00e1s, jug\u00f3 11 veces el derby de Madrid, entre los que se destacan dos cruces en UCL (<a href=\"https:\/\/www.youtube.com\/watch?v=4vzEM2HTvmc\">final 2015\/16<\/a> y <a href=\"https:\/\/www.youtube.com\/watch?v=WHJFW6Pubd8\">semifinal 2016\/17<\/a>)y una final de Supercopa de Europa (<a href=\"https:\/\/www.youtube.com\/watch?v=NF0_fCJvzHw\">2-4 en 2018<\/a>), con 2 triunfos, 5 igualdades y 4 caidas. En Francia,\u00a0<strong>lleg\u00f3 a Par\u00eds Saint-Germain y se enfrent\u00f3 en tres oportunidades a Olympique Marsella,<\/strong>\u00a0con dos victorias, una de ellas en la\u00a0<strong><a href=\"https:\/\/www.youtube.com\/watch?v=uP18r0eSUOo\">final de la Supercopa de Francia 2020<\/a><\/strong>, y un empate. Adem\u00e1s <a href=\"https:\/\/www.youtube.com\/watch?v=VVXuB35eOBY\">con el equipo de la capital francesa, fue subcampe\u00f3n de la Champions League 2019\/20<\/a>.<\/p>\n\n\n\n<figure class=\"wp-block-embed is-type-video is-provider-youtube wp-block-embed-youtube wp-embed-aspect-16-9 wp-has-aspect-ratio\"><div class=\"wp-block-embed__wrapper\">\n<iframe loading=\"lazy\" title=\"KEYLOR NAVAS fue PRESENTADO en NEWELL&#039;S \ud83d\udd25 &quot;ESTOY EN PERFECTAS CONDICIONES PARA JUGAR&quot;\" width=\"640\" height=\"360\" src=\"https:\/\/www.youtube.com\/embed\/PIit-Cip_O8?feature=oembed\" frameborder=\"0\" allow=\"accelerometer; autoplay; clipboard-write; encrypted-media; gyroscope; picture-in-picture; web-share\" referrerpolicy=\"strict-origin-when-cross-origin\" allowfullscreen><\/iframe>\n<\/div><\/figure>\n","protected":false},"excerpt":{"rendered":"<p>El arquero costarricense de 38 a\u00f1os Keylor Navas, ser\u00e1 nuevo jugador de Newell&#8217;s y es una de las grandes figuras que llegan a Argentina en este mercado de pases. Adem\u00e1s, firm\u00f3 un contrato por dos temporadas. El legendario arquero costarricense, quien gan\u00f3 tres Champions League con el Real Madrid y fue figura de la haza\u00f1a&#8230;<\/p>\n","protected":false},"author":1,"featured_media":11085,"comment_status":"open","ping_status":"open","sticky":false,"template":"","format":"standard","meta":{"footnotes":""},"categories":[4,3],"tags":[],"class_list":["post-11084","post","type-post","status-publish","format-standard","has-post-thumbnail","hentry","category-mercado-de-pases","category-primera-division"],"_links":{"self":[{"href":"https:\/\/zonagol.com.ar\/index.php?rest_route=\/wp\/v2\/posts\/11084","targetHints":{"allow":["GET"]}}],"collection":[{"href":"https:\/\/zonagol.com.ar\/index.php?rest_route=\/wp\/v2\/posts"}],"about":[{"href":"https:\/\/zonagol.com.ar\/index.php?rest_route=\/wp\/v2\/types\/post"}],"author":[{"embeddable":true,"href":"https:\/\/zonagol.com.ar\/index.php?rest_route=\/wp\/v2\/users\/1"}],"replies":[{"embeddable":true,"href":"https:\/\/zonagol.com.ar\/index.php?rest_route=%2Fwp%2Fv2%2Fcomments&post=11084"}],"version-history":[{"count":14,"href":"https:\/\/zonagol.com.ar\/index.php?rest_route=\/wp\/v2\/posts\/11084\/revisions"}],"predecessor-version":[{"id":13585,"href":"https:\/\/zonagol.com.ar\/index.php?rest_route=\/wp\/v2\/posts\/11084\/revisions\/13585"}],"wp:featuredmedia":[{"embeddable":true,"href":"https:\/\/zonagol.com.ar\/index.php?rest_route=\/wp\/v2\/media\/11085"}],"wp:attachment":[{"href":"https:\/\/zonagol.com.ar\/index.php?rest_route=%2Fwp%2Fv2%2Fmedia&parent=11084"}],"wp:term":[{"taxonomy":"category","embeddable":true,"href":"https:\/\/zonagol.com.ar\/index.php?rest_route=%2Fwp%2Fv2%2Fcategories&post=11084"},{"taxonomy":"post_tag","embeddable":true,"href":"https:\/\/zonagol.com.ar\/index.php?rest_route=%2Fwp%2Fv2%2Ftags&post=11084"}],"curies":[{"name":"wp","href":"https:\/\/api.w.org\/{rel}","templated":true}]}}